[{"@context":"https:\/\/schema.org\/","@type":"Article","@id":"https:\/\/www.acker.sk\/sviatky-radosti-a-pokoja-sa-blizia-a-preto-je-cas-mysliet-na-dovolenku-kym-sa-este-da\/#Article","mainEntityOfPage":"https:\/\/www.acker.sk\/sviatky-radosti-a-pokoja-sa-blizia-a-preto-je-cas-mysliet-na-dovolenku-kym-sa-este-da\/","headline":"Sviatky radosti a pokoja sa bl\u00ed\u017eia a preto je \u010das myslie\u0165 na dovolenku k\u00fdm sa e\u0161te d\u00e1","name":"Sviatky radosti a pokoja sa bl\u00ed\u017eia a preto je \u010das myslie\u0165 na dovolenku k\u00fdm sa e\u0161te d\u00e1","description":"U\u017e je to tu zas, bl\u00ed\u017eia s pomaly sviatky radosti a pokoja. Mnoh\u00fd z v\u00e1s uva\u017euj\u00fa \u017ee ostan\u00fa tentokr\u00e1t kone\u010dne doma a odd\u00fdchnu si v kruhu svojich najbli\u017e\u0161\u00edch. No n\u00e1jdu s aj tak\u00fd ktor\u00fd na zimu a st\u00fdm spojen\u00e9 zimn\u00e9 radov\u00e1nky nedaj\u00fa dopusti\u0165 a tak nast\u00e1va jedin\u00e1 ot\u00e1zka. Kam teda \u00eds\u0165? Vysok\u00e9 Tatry \u010di Rak\u00faske...","datePublished":"2019-11-13","dateModified":"2023-04-27","author":{"@type":"Person","@id":"https:\/\/www.acker.sk\/author\/#Person","name":"","url":"https:\/\/www.acker.sk\/author\/","identifier":1,"image":{"@type":"ImageObject","@id":"https:\/\/secure.gravatar.com\/avatar\/cbcb92d2d459f60d1dc08d6e5973c6b0ed1017e8a3b51da0599e03841cfa81e6?s=96&d=mm&r=g","url":"https:\/\/secure.gravatar.com\/avatar\/cbcb92d2d459f60d1dc08d6e5973c6b0ed1017e8a3b51da0599e03841cfa81e6?s=96&d=mm&r=g","height":96,"width":96}},"publisher":{"@type":"Organization","name":"acker.sk","logo":{"@type":"ImageObject","@id":"\/logo.png","url":"\/logo.png","width":600,"height":60}},"image":{"@type":"ImageObject","@id":"https:\/\/www.acker.sk\/wp-content\/uploads\/img_a308440_w16713_t1574781046.jpg","url":"https:\/\/www.acker.sk\/wp-content\/uploads\/img_a308440_w16713_t1574781046.jpg","height":0,"width":0},"url":"https:\/\/www.acker.sk\/sviatky-radosti-a-pokoja-sa-blizia-a-preto-je-cas-mysliet-na-dovolenku-kym-sa-este-da\/","about":["Dovolenka"],"wordCount":436,"articleBody":"U\u017e je to tu zas, bl\u00ed\u017eia s pomaly sviatky radosti a pokoja. Mnoh\u00fd z v\u00e1s uva\u017euj\u00fa \u017ee ostan\u00fa tentokr\u00e1t kone\u010dne doma a odd\u00fdchnu si v kruhu svojich najbli\u017e\u0161\u00edch. No n\u00e1jdu s aj tak\u00fd ktor\u00fd na zimu a st\u00fdm spojen\u00e9 zimn\u00e9 radov\u00e1nky nedaj\u00fa dopusti\u0165 a tak nast\u00e1va jedin\u00e1 ot\u00e1zka. Kam teda \u00eds\u0165? Vysok\u00e9 Tatry \u010di Rak\u00faske Alpy. Nu\u017e, v\u0161etko m\u00e1 nie\u010do do seba.\u00a0\u00a0\u00a0Vysok\u00e9 Tatry na Po\u013eskej strane\u00a0Je na uv\u00e1\u017eenie \u010di sa tento rok oplat\u00ed zosta\u0165 doma ak sa viete na Po\u013eskej strane tatier ubytova\u0165 neporovnate\u013ene lacnej\u0161ie ako je tomu u n\u00e1s doma. Pri\u010dom ak by sme sa tu mali bavi\u0165 o kvalite slu\u017eieb, nie je o \u010dom. Asi najzn\u00e1mej\u0161\u00edm miestom na ubytovanie sa teda jav\u00ed mesto Zakopane. V podstate sa jedn\u00e1 o ak\u00fasi v\u00fdkladn\u00fa skri\u0148u toho najlep\u0161ieho \u010do sa d\u00e1 v okol\u00ed n\u00e1js\u0165 a dosta\u0165. Jedn\u00e1 sa nielen o najvy\u0161\u0161ie polo\u017een\u00e9 Po\u013esk\u00e9 mesto (838 m. n.m ), ale je dokonca centrum je v\u00e4\u010d\u0161ie ako ktor\u00e1ko\u013evek obec u n\u00e1s. Aspo\u0148 \u010do sa ponuky slu\u017eieb t\u00fdka. Preto ak chcete \u00eds\u0165 na dovolenku rodinou bez p\u00f4\u017ei\u010dky, tak jednozna\u010dne teraz viete kam m\u00e1te \u00eds\u0165.\u00a0Slovensk\u00e9 vysok\u00e9 Tatry\u00a0Ak aj vy patr\u00edte k \u013eudom ktor\u00fd s\u00fa presved\u010den\u00fd \u017ee za kvalitu sa v\u017edy mus\u00ed poriadne zaplati\u0165, tak potom s\u00fa na\u0161e ve\u013ehory to prav\u00e9 pre v\u00e1s. Nu\u017e \u00e1no, doba kedy ste sa vedeli vybra\u0165 do na\u0161ich h\u00f4r aj s rodinou a nezadl\u017ei\u0165 sa je d\u00e1vno pre\u010d. Ale ako sa hovor\u00ed kde je dopyt tam je aj ponuka. A pokia\u013e si \u013eudia neza\u010dn\u00fa p\u00fdta\u0165 primeran\u00e9 slu\u017eby za primeran\u00fa cenu ale iba bezhlavo kupova\u0165 \u010do sa d\u00e1. Ni\u010d sa nezmen\u00ed, Dovolenka u n\u00e1s v Tatr\u00e1ch sa za posledn\u00e9 roky zmenila v r\u00fdchle ry\u017eovanie sa za bohatstvom o \u010dom sved\u010d\u00ed aj nezmyseln\u00e1 v\u00fdstavba hotelov na \u00fakor okolit\u00e9ho prostredia.\u00a0Rak\u00faske Alpy\u00a0V pr\u00edpade Rak\u00faska sa u\u017e nebav\u00edme o prehnanej cene ale o cene zodpovedaj\u00facej kvalite dovolenky. A je v podstate jedno \u010di p\u00f4jdete s\u00e1m aby ste tam niekoho nov\u00e9ho spoznali, s partnerkou na romantick\u00fd v\u00fdlet. Alebo dokonca s rodinou. Preto\u017ee to za ie peniaze jednoducho stoj\u00ed. S\u00edce je si treba uvedomi\u0165 \u010do sa cien t\u00fdka \u017ee s\u00fa Rak\u00faske ale kvalita slu\u017eieb je neporovnate\u013ene \u010falej ako u n\u00e1s.                                                                                                                                                                                                                                                                                                                                                                                        4.6\/5 - (10 votes)        "},{"@context":"https:\/\/schema.org\/","@type":"BreadcrumbList","itemListElement":[{"@type":"ListItem","position":1,"name":"Sviatky radosti a pokoja sa bl\u00ed\u017eia a preto je \u010das myslie\u0165 na dovolenku k\u00fdm sa e\u0161te d\u00e1","item":"https:\/\/www.acker.sk\/sviatky-radosti-a-pokoja-sa-blizia-a-preto-je-cas-mysliet-na-dovolenku-kym-sa-este-da\/#breadcrumbitem"}]}]